{"id":8657,"date":"2016-12-19T10:00:13","date_gmt":"2016-12-19T09:00:13","guid":{"rendered":"http:\/\/examensrelevant.de\/?p=8657"},"modified":"2019-01-30T08:00:05","modified_gmt":"2019-01-30T07:00:05","slug":"repetitorium-zum-deliktsrecht-fall-4-der-veraergerte-dachdecker-loesung","status":"publish","type":"post","link":"https:\/\/www.juridicus.de\/blog\/repetitorium-zum-deliktsrecht-fall-4-der-veraergerte-dachdecker-loesung\/","title":{"rendered":"Repetitorium zum Deliktsrecht &#8211; Fall 4: Der ver\u00e4rgerte Dachdecker &#8211; L\u00f6sung"},"content":{"rendered":"<p style=\"text-align: justify;\"><strong>Fall 4 &#8211;\u00a0<\/strong><strong>Der ver\u00e4rgerte Dachdecker<\/strong><\/p>\n<p style=\"text-align: justify;\">Hier gibt es die vollst\u00e4ndige L\u00f6sung zum <strong>Fall vom 16.12.2016. <\/strong>\u00a0Dieser Fall\u00a0besch\u00e4ftigt sich mit der deliktischen <strong>Haftung f\u00fcr Verrichtungsgehilfen nach <a href=\"https:\/\/dejure.org\/gesetze\/BGB\/831.html\" target=\"_blank\" title=\"&sect; 831 BGB: Haftung f&uuml;r den Verrichtungsgehilfen\">\u00a7 831 BGB<\/a>.<\/strong><\/p>\n<p style=\"text-align: justify;\">Falls Ihr mit dem Fall nicht zurecht gekommen seid, k\u00f6nnt Ihr auch erstmal die \u00dcbersichten durcharbeiten, die angef\u00fcgt sind und es dann nochmal versuchen, bevor Ihr Euch die vollst\u00e4ndige L\u00f6sung anschaut. So habt Ihr einen gr\u00f6\u00dferen Lerneffekt.<\/p>\n<p style=\"text-align: justify;\"><a href=\"https:\/\/www.juridicus.de\/blog\/wp-content\/uploads\/2016\/12\/L\u00f6sung-Fall-4-Der-ver\u00e4rgerte-Dachdecker.pdf\">L\u00f6sung-Fall-4-Der-Ver\u00e4rgerte-Dachdecker<\/a><\/p>\n","protected":false},"excerpt":{"rendered":"<p>Fall 4 &#8211;\u00a0Der ver\u00e4rgerte Dachdecker Hier gibt es die vollst\u00e4ndige L\u00f6sung zum Fall vom 16.12.2016. \u00a0Dieser Fall\u00a0besch\u00e4ftigt sich mit der deliktischen Haftung f\u00fcr Verrichtungsgehilfen nach \u00a7 831 BGB. Falls Ihr mit dem Fall nicht zurecht gekommen seid, k\u00f6nnt Ihr auch erstmal die \u00dcbersichten durcharbeiten, die angef\u00fcgt sind und es dann nochmal versuchen, bevor Ihr Euch die vollst\u00e4ndige L\u00f6sung anschaut. So habt Ihr einen gr\u00f6\u00dferen Lerneffekt. L\u00f6sung-Fall-4-Der-Ver\u00e4rgerte-Dachdecker<\/p>\n","protected":false},"author":1755,"featured_media":0,"comment_status":"open","ping_status":"open","sticky":false,"template":"","format":"standard","meta":{"footnotes":""},"categories":[1,2564,2566,55,1777],"tags":[2772,2773],"class_list":["post-8657","post","type-post","status-publish","format-standard","hentry","category-allgemein","category-deliktsrecht","category-deliktsrecht-loesungen","category-magazin","category-repetitorium","tag-haftung-fuer-verrichtungsgehilfen","tag--831-bgb"],"_links":{"self":[{"href":"https:\/\/www.juridicus.de\/blog\/wp-json\/wp\/v2\/posts\/8657","targetHints":{"allow":["GET"]}}],"collection":[{"href":"https:\/\/www.juridicus.de\/blog\/wp-json\/wp\/v2\/posts"}],"about":[{"href":"https:\/\/www.juridicus.de\/blog\/wp-json\/wp\/v2\/types\/post"}],"author":[{"embeddable":true,"href":"https:\/\/www.juridicus.de\/blog\/wp-json\/wp\/v2\/users\/1755"}],"replies":[{"embeddable":true,"href":"https:\/\/www.juridicus.de\/blog\/wp-json\/wp\/v2\/comments?post=8657"}],"version-history":[{"count":4,"href":"https:\/\/www.juridicus.de\/blog\/wp-json\/wp\/v2\/posts\/8657\/revisions"}],"predecessor-version":[{"id":8851,"href":"https:\/\/www.juridicus.de\/blog\/wp-json\/wp\/v2\/posts\/8657\/revisions\/8851"}],"wp:attachment":[{"href":"https:\/\/www.juridicus.de\/blog\/wp-json\/wp\/v2\/media?parent=8657"}],"wp:term":[{"taxonomy":"category","embeddable":true,"href":"https:\/\/www.juridicus.de\/blog\/wp-json\/wp\/v2\/categories?post=8657"},{"taxonomy":"post_tag","embeddable":true,"href":"https:\/\/www.juridicus.de\/blog\/wp-json\/wp\/v2\/tags?post=8657"}],"curies":[{"name":"wp","href":"https:\/\/api.w.org\/{rel}","templated":true}]}}